{"id":2183,"date":"2020-03-05T14:32:20","date_gmt":"2020-03-05T13:32:20","guid":{"rendered":"http:\/\/photoclublge.fr\/WP\/?p=2183"},"modified":"2025-04-17T18:39:46","modified_gmt":"2025-04-17T16:39:46","slug":"cotisation-2020-date-limite","status":"publish","type":"post","link":"https:\/\/photoclubibmca.fr\/WP\/cotisation-2020-date-limite\/","title":{"rendered":"Cotisation 2020 &#8211; date limite 15 mars"},"content":{"rendered":"\n<marquee><p class=\"has-text-color has-background has-luminous-vivid-orange-color has-pale-cyan-blue-background-color has-text-align-center\"><strong>Anciens adh\u00e9rents renouvelant leur adh\u00e9sion et nouveaux inscrits<\/strong><\/p><\/marquee>\n\n\n\n<p class=\"has-text-align-center\">La date <strong>limite <\/strong>de r\u00e8glement de votre cotisation 2020 est fix\u00e9e au <strong>15 mars<\/strong>. Pass\u00e9 cette date, votre compte sera bloqu\u00e9 en attendant r\u00e9gularisation.<\/p>\n","protected":false},"excerpt":{"rendered":"<p>Anciens adh\u00e9rents renouvelant leur adh\u00e9sion et nouveaux inscrits La date limite de r\u00e8glement de votre cotisation 2020 est fix\u00e9e au 15 mars. Pass\u00e9 cette date, votre compte sera bloqu\u00e9 en&#8230; <a href=\"https:\/\/photoclubibmca.fr\/WP\/cotisation-2020-date-limite\/\">Read more &raquo;<\/a><\/p>\n","protected":false},"author":79,"featured_media":0,"comment_status":"closed","ping_status":"open","sticky":false,"template":"","format":"standard","meta":{"ngg_post_thumbnail":0,"footnotes":""},"categories":[76],"tags":[],"class_list":["post-2183","post","type-post","status-publish","format-standard","hentry","category-archives"],"_links":{"self":[{"href":"https:\/\/photoclubibmca.fr\/WP\/wp-json\/wp\/v2\/posts\/2183","targetHints":{"allow":["GET"]}}],"collection":[{"href":"https:\/\/photoclubibmca.fr\/WP\/wp-json\/wp\/v2\/posts"}],"about":[{"href":"https:\/\/photoclubibmca.fr\/WP\/wp-json\/wp\/v2\/types\/post"}],"author":[{"embeddable":true,"href":"https:\/\/photoclubibmca.fr\/WP\/wp-json\/wp\/v2\/users\/79"}],"replies":[{"embeddable":true,"href":"https:\/\/photoclubibmca.fr\/WP\/wp-json\/wp\/v2\/comments?post=2183"}],"version-history":[{"count":1,"href":"https:\/\/photoclubibmca.fr\/WP\/wp-json\/wp\/v2\/posts\/2183\/revisions"}],"predecessor-version":[{"id":17113,"href":"https:\/\/photoclubibmca.fr\/WP\/wp-json\/wp\/v2\/posts\/2183\/revisions\/17113"}],"wp:attachment":[{"href":"https:\/\/photoclubibmca.fr\/WP\/wp-json\/wp\/v2\/media?parent=2183"}],"wp:term":[{"taxonomy":"category","embeddable":true,"href":"https:\/\/photoclubibmca.fr\/WP\/wp-json\/wp\/v2\/categories?post=2183"},{"taxonomy":"post_tag","embeddable":true,"href":"https:\/\/photoclubibmca.fr\/WP\/wp-json\/wp\/v2\/tags?post=2183"}],"curies":[{"name":"wp","href":"https:\/\/api.w.org\/{rel}","templated":true}]}}