{"id":18663,"date":"2026-09-02T18:02:41","date_gmt":"2026-09-02T16:02:41","guid":{"rendered":"https:\/\/photoclubibmca.fr\/WP\/?p=18663"},"modified":"2026-09-02T18:35:45","modified_gmt":"2026-09-02T16:35:45","slug":"generation-azur-ia-exposition-surrealisme-au-panasia-cap-3000","status":"publish","type":"post","link":"https:\/\/photoclubibmca.fr\/WP\/generation-azur-ia-exposition-surrealisme-au-panasia-cap-3000\/","title":{"rendered":"G\u00e9n\u00e9ration Azur IA &#8211; Exposition \u2013 Surr\u00e9alisme &#8211; au PANASIA Cap 3000"},"content":{"rendered":"\n<p class=\"has-text-align-center wp-block-paragraph\">Exposition du 1er ao\u00fbt \u00e0 fin septembre au <a href=\"https:\/\/www.panasia.fr\/fr\/actualites\/nouvelle-exposition-chez-panasia-cap3000-a-la-maniere-de-b256.html\" target=\"_blank\" rel=\"noreferrer noopener\">restaurant PANASIA de CAP 3000<\/a> \u00e0 Saint Laurent du Var. Vernissage le 3 septembre \u00e0 partir de 18:00.<\/p>\n\n\n\n<p class=\"has-text-align-center wp-block-paragraph\">Les cr\u00e9ations expos\u00e9es sont le fruit des travaux du groupe <a href=\"https:\/\/photoclubibmca.fr\/WP\/generation-azur-ia\/\" target=\"_blank\" rel=\"noreferrer noopener\">G\u00e9n\u00e9ration Azur IA<\/a> du <a href=\"https:\/\/www.photoclubibmca.fr\/\" target=\"_blank\" rel=\"noreferrer noopener\">Photoclub IBM C\u00f4te d\u2019Azur<\/a> et sont g\u00e9n\u00e9r\u00e9es par des outils d&rsquo;IA (Intelligence Artificielle).<\/p>\n\n\n<div class=\"wp-block-image\">\n<figure class=\"aligncenter size-large\"><a href=\"https:\/\/photoclubibmca.fr\/WP\/wp-content\/uploads\/2026\/09\/image-1.png\" rel=\" noreferrer\"><img loading=\"lazy\" decoding=\"async\" width=\"1024\" height=\"682\" src=\"https:\/\/photoclubibmca.fr\/WP\/wp-content\/uploads\/2026\/09\/image-1-1024x682.png\" alt=\"\" class=\"wp-image-18665\" srcset=\"https:\/\/photoclubibmca.fr\/WP\/wp-content\/uploads\/2026\/09\/image-1-1024x682.png 1024w, https:\/\/photoclubibmca.fr\/WP\/wp-content\/uploads\/2026\/09\/image-1-480x320.png 480w, https:\/\/photoclubibmca.fr\/WP\/wp-content\/uploads\/2026\/09\/image-1-768x512.png 768w, https:\/\/photoclubibmca.fr\/WP\/wp-content\/uploads\/2026\/09\/image-1-1536x1023.png 1536w, https:\/\/photoclubibmca.fr\/WP\/wp-content\/uploads\/2026\/09\/image-1-624x416.png 624w, https:\/\/photoclubibmca.fr\/WP\/wp-content\/uploads\/2026\/09\/image-1.png 1600w\" sizes=\"auto, (max-width: 1024px) 100vw, 1024px\" \/><\/a><\/figure>\n<\/div>","protected":false},"excerpt":{"rendered":"<p>Exposition du 1er ao\u00fbt \u00e0 fin septembre au restaurant PANASIA de CAP 3000 \u00e0 Saint Laurent du Var. Vernissage le 3 septembre \u00e0 partir de 18:00. Les cr\u00e9ations expos\u00e9es sont&#8230; <a href=\"https:\/\/photoclubibmca.fr\/WP\/generation-azur-ia-exposition-surrealisme-au-panasia-cap-3000\/\">Read more &raquo;<\/a><\/p>\n","protected":false},"author":1,"featured_media":0,"comment_status":"closed","ping_status":"closed","sticky":false,"template":"","format":"standard","meta":{"ngg_post_thumbnail":0,"footnotes":""},"categories":[9,39,293,40],"tags":[355],"class_list":["post-18663","post","type-post","status-publish","format-standard","hentry","category-actualite","category-expositions","category-ia-generative","category-vernissages","tag-2026-09-30"],"_links":{"self":[{"href":"https:\/\/photoclubibmca.fr\/WP\/wp-json\/wp\/v2\/posts\/18663","targetHints":{"allow":["GET"]}}],"collection":[{"href":"https:\/\/photoclubibmca.fr\/WP\/wp-json\/wp\/v2\/posts"}],"about":[{"href":"https:\/\/photoclubibmca.fr\/WP\/wp-json\/wp\/v2\/types\/post"}],"author":[{"embeddable":true,"href":"https:\/\/photoclubibmca.fr\/WP\/wp-json\/wp\/v2\/users\/1"}],"replies":[{"embeddable":true,"href":"https:\/\/photoclubibmca.fr\/WP\/wp-json\/wp\/v2\/comments?post=18663"}],"version-history":[{"count":4,"href":"https:\/\/photoclubibmca.fr\/WP\/wp-json\/wp\/v2\/posts\/18663\/revisions"}],"predecessor-version":[{"id":18670,"href":"https:\/\/photoclubibmca.fr\/WP\/wp-json\/wp\/v2\/posts\/18663\/revisions\/18670"}],"wp:attachment":[{"href":"https:\/\/photoclubibmca.fr\/WP\/wp-json\/wp\/v2\/media?parent=18663"}],"wp:term":[{"taxonomy":"category","embeddable":true,"href":"https:\/\/photoclubibmca.fr\/WP\/wp-json\/wp\/v2\/categories?post=18663"},{"taxonomy":"post_tag","embeddable":true,"href":"https:\/\/photoclubibmca.fr\/WP\/wp-json\/wp\/v2\/tags?post=18663"}],"curies":[{"name":"wp","href":"https:\/\/api.w.org\/{rel}","templated":true}]}}