{"id":17911,"date":"2026-01-26T00:00:00","date_gmt":"2026-01-25T23:00:00","guid":{"rendered":"https:\/\/photoclubibmca.fr\/WP\/?p=17911"},"modified":"2026-03-01T11:17:04","modified_gmt":"2026-03-01T10:17:04","slug":"exposition-espace-magnan-photeaux-graphies","status":"publish","type":"post","link":"https:\/\/photoclubibmca.fr\/WP\/exposition-espace-magnan-photeaux-graphies\/","title":{"rendered":"Exposition \u2013 Espace Magnan\u2013 Phot&rsquo;eaux Graphies"},"content":{"rendered":"\n<p class=\"has-text-align-center\">Nos amis du Club Objectif Image de Nice proposent une exposition collective sur le th\u00e8me de l&rsquo;eau<\/p>\n\n\n\n<p class=\"has-text-align-center\">Vernissage le 9 f\u00e9vrier \u00e0 partir de 18:00 \u00e0 L&rsquo;Espace Magnan. Exposition jusqu&rsquo;au 28 f\u00e9vrier.<\/p>\n\n\n<div class=\"wp-block-image\">\n<figure class=\"aligncenter size-full is-resized\"><a href=\"https:\/\/photoclubibmca.fr\/WP\/wp-content\/uploads\/2026\/01\/AFFICHE-Photeaux-graphies-mail.jpg\" target=\"_blank\" rel=\" noreferrer noopener\"><img loading=\"lazy\" decoding=\"async\" width=\"682\" height=\"1024\" src=\"https:\/\/photoclubibmca.fr\/WP\/wp-content\/uploads\/2026\/01\/AFFICHE-Photeaux-graphies-mail.jpg\" alt=\"\" class=\"wp-image-17923\" style=\"width:320px\" srcset=\"https:\/\/photoclubibmca.fr\/WP\/wp-content\/uploads\/2026\/01\/AFFICHE-Photeaux-graphies-mail.jpg 682w, https:\/\/photoclubibmca.fr\/WP\/wp-content\/uploads\/2026\/01\/AFFICHE-Photeaux-graphies-mail-320x480.jpg 320w, https:\/\/photoclubibmca.fr\/WP\/wp-content\/uploads\/2026\/01\/AFFICHE-Photeaux-graphies-mail-624x937.jpg 624w\" sizes=\"auto, (max-width: 682px) 100vw, 682px\" \/><\/a><\/figure>\n<\/div>","protected":false},"excerpt":{"rendered":"<p>Nos amis du Club Objectif Image de Nice proposent une exposition collective sur le th\u00e8me de l&rsquo;eau Vernissage le 9 f\u00e9vrier \u00e0 partir de 18:00 \u00e0 L&rsquo;Espace Magnan. Exposition jusqu&rsquo;au&#8230; <a href=\"https:\/\/photoclubibmca.fr\/WP\/exposition-espace-magnan-photeaux-graphies\/\">Read more &raquo;<\/a><\/p>\n","protected":false},"author":1,"featured_media":0,"comment_status":"closed","ping_status":"closed","sticky":false,"template":"","format":"standard","meta":{"ngg_post_thumbnail":0,"footnotes":""},"categories":[76,39,40],"tags":[],"class_list":["post-17911","post","type-post","status-publish","format-standard","hentry","category-archives","category-expositions","category-vernissages"],"_links":{"self":[{"href":"https:\/\/photoclubibmca.fr\/WP\/wp-json\/wp\/v2\/posts\/17911","targetHints":{"allow":["GET"]}}],"collection":[{"href":"https:\/\/photoclubibmca.fr\/WP\/wp-json\/wp\/v2\/posts"}],"about":[{"href":"https:\/\/photoclubibmca.fr\/WP\/wp-json\/wp\/v2\/types\/post"}],"author":[{"embeddable":true,"href":"https:\/\/photoclubibmca.fr\/WP\/wp-json\/wp\/v2\/users\/1"}],"replies":[{"embeddable":true,"href":"https:\/\/photoclubibmca.fr\/WP\/wp-json\/wp\/v2\/comments?post=17911"}],"version-history":[{"count":4,"href":"https:\/\/photoclubibmca.fr\/WP\/wp-json\/wp\/v2\/posts\/17911\/revisions"}],"predecessor-version":[{"id":17979,"href":"https:\/\/photoclubibmca.fr\/WP\/wp-json\/wp\/v2\/posts\/17911\/revisions\/17979"}],"wp:attachment":[{"href":"https:\/\/photoclubibmca.fr\/WP\/wp-json\/wp\/v2\/media?parent=17911"}],"wp:term":[{"taxonomy":"category","embeddable":true,"href":"https:\/\/photoclubibmca.fr\/WP\/wp-json\/wp\/v2\/categories?post=17911"},{"taxonomy":"post_tag","embeddable":true,"href":"https:\/\/photoclubibmca.fr\/WP\/wp-json\/wp\/v2\/tags?post=17911"}],"curies":[{"name":"wp","href":"https:\/\/api.w.org\/{rel}","templated":true}]}}