{"id":17857,"date":"2026-04-01T00:00:00","date_gmt":"2026-03-31T22:00:00","guid":{"rendered":"https:\/\/photoclubibmca.fr\/WP\/?p=17857"},"modified":"2026-04-12T16:11:03","modified_gmt":"2026-04-12T14:11:03","slug":"exposition-panasia-patrick-hanez-chasseurs-de-vent","status":"publish","type":"post","link":"https:\/\/photoclubibmca.fr\/WP\/exposition-panasia-patrick-hanez-chasseurs-de-vent\/","title":{"rendered":"Exposition \u2013 PANASIA \u2013 Patrick Hanez \u2013 Chasseurs de Vent"},"content":{"rendered":"\n<p class=\"has-text-align-center\">Vernissage le 11 f\u00e9vrier \u00e0 partir de 17h30.<\/p>\n\n\n\n<p class=\"has-text-align-center\">Exposition du 9 janvier au 9 avril au Restaurant Panasia de CAP 3000 \u00e0 Saint Laurent du Var.<\/p>\n\n\n\n<figure class=\"wp-block-image size-large\"><img loading=\"lazy\" decoding=\"async\" width=\"1024\" height=\"640\" src=\"https:\/\/photoclubibmca.fr\/WP\/wp-content\/uploads\/2026\/01\/image-2-1024x640.png\" alt=\"\" class=\"wp-image-17901\" srcset=\"https:\/\/photoclubibmca.fr\/WP\/wp-content\/uploads\/2026\/01\/image-2-1024x640.png 1024w, https:\/\/photoclubibmca.fr\/WP\/wp-content\/uploads\/2026\/01\/image-2-480x300.png 480w, https:\/\/photoclubibmca.fr\/WP\/wp-content\/uploads\/2026\/01\/image-2-768x480.png 768w, https:\/\/photoclubibmca.fr\/WP\/wp-content\/uploads\/2026\/01\/image-2-624x390.png 624w, https:\/\/photoclubibmca.fr\/WP\/wp-content\/uploads\/2026\/01\/image-2.png 1280w\" sizes=\"auto, (max-width: 1024px) 100vw, 1024px\" \/><\/figure>\n\n\n\n<p class=\"has-text-align-center\"><\/p>\n","protected":false},"excerpt":{"rendered":"<p>Vernissage le 11 f\u00e9vrier \u00e0 partir de 17h30. Exposition du 9 janvier au 9 avril au Restaurant Panasia de CAP 3000 \u00e0 Saint Laurent du Var.<\/p>\n","protected":false},"author":1,"featured_media":0,"comment_status":"closed","ping_status":"closed","sticky":false,"template":"","format":"standard","meta":{"ngg_post_thumbnail":0,"footnotes":""},"categories":[76,39,40],"tags":[],"class_list":["post-17857","post","type-post","status-publish","format-standard","hentry","category-archives","category-expositions","category-vernissages"],"_links":{"self":[{"href":"https:\/\/photoclubibmca.fr\/WP\/wp-json\/wp\/v2\/posts\/17857","targetHints":{"allow":["GET"]}}],"collection":[{"href":"https:\/\/photoclubibmca.fr\/WP\/wp-json\/wp\/v2\/posts"}],"about":[{"href":"https:\/\/photoclubibmca.fr\/WP\/wp-json\/wp\/v2\/types\/post"}],"author":[{"embeddable":true,"href":"https:\/\/photoclubibmca.fr\/WP\/wp-json\/wp\/v2\/users\/1"}],"replies":[{"embeddable":true,"href":"https:\/\/photoclubibmca.fr\/WP\/wp-json\/wp\/v2\/comments?post=17857"}],"version-history":[{"count":5,"href":"https:\/\/photoclubibmca.fr\/WP\/wp-json\/wp\/v2\/posts\/17857\/revisions"}],"predecessor-version":[{"id":17904,"href":"https:\/\/photoclubibmca.fr\/WP\/wp-json\/wp\/v2\/posts\/17857\/revisions\/17904"}],"wp:attachment":[{"href":"https:\/\/photoclubibmca.fr\/WP\/wp-json\/wp\/v2\/media?parent=17857"}],"wp:term":[{"taxonomy":"category","embeddable":true,"href":"https:\/\/photoclubibmca.fr\/WP\/wp-json\/wp\/v2\/categories?post=17857"},{"taxonomy":"post_tag","embeddable":true,"href":"https:\/\/photoclubibmca.fr\/WP\/wp-json\/wp\/v2\/tags?post=17857"}],"curies":[{"name":"wp","href":"https:\/\/api.w.org\/{rel}","templated":true}]}}