{"id":17604,"date":"2025-08-27T10:36:34","date_gmt":"2025-08-27T08:36:34","guid":{"rendered":"https:\/\/photoclubibmca.fr\/WP\/?p=17604"},"modified":"2025-09-24T11:54:50","modified_gmt":"2025-09-24T09:54:50","slug":"exposition-menton-photomenton-le-club","status":"publish","type":"post","link":"https:\/\/photoclubibmca.fr\/WP\/exposition-menton-photomenton-le-club\/","title":{"rendered":"Exposition \u2013 Menton &#8211; PhotoMenton Le Club"},"content":{"rendered":"\n<p class=\"has-text-align-center\">Exposition de plusieurs photographes du 29 ao\u00fbt au 13 septembre au Palais de l&rsquo;Europe \u00e0 Menton (Biblioth\u00e8que Municipale)<\/p>\n\n\n<div class=\"wp-block-image\">\n<figure class=\"aligncenter size-medium\"><a href=\"https:\/\/photoclubibmca.fr\/WP\/wp-content\/uploads\/2025\/08\/image-4.png\" target=\"_blank\" rel=\" noreferrer noopener\"><img loading=\"lazy\" decoding=\"async\" width=\"340\" height=\"480\" src=\"https:\/\/photoclubibmca.fr\/WP\/wp-content\/uploads\/2025\/08\/image-4-340x480.png\" alt=\"\" class=\"wp-image-17605\" srcset=\"https:\/\/photoclubibmca.fr\/WP\/wp-content\/uploads\/2025\/08\/image-4-340x480.png 340w, https:\/\/photoclubibmca.fr\/WP\/wp-content\/uploads\/2025\/08\/image-4-724x1024.png 724w, https:\/\/photoclubibmca.fr\/WP\/wp-content\/uploads\/2025\/08\/image-4-768x1086.png 768w, https:\/\/photoclubibmca.fr\/WP\/wp-content\/uploads\/2025\/08\/image-4-624x882.png 624w, https:\/\/photoclubibmca.fr\/WP\/wp-content\/uploads\/2025\/08\/image-4.png 899w\" sizes=\"auto, (max-width: 340px) 100vw, 340px\" \/><\/a><\/figure>\n<\/div>\n\n\n<p><\/p>\n","protected":false},"excerpt":{"rendered":"<p>Exposition de plusieurs photographes du 29 ao\u00fbt au 13 septembre au Palais de l&rsquo;Europe \u00e0 Menton (Biblioth\u00e8que Municipale)<\/p>\n","protected":false},"author":1,"featured_media":0,"comment_status":"closed","ping_status":"closed","sticky":false,"template":"","format":"standard","meta":{"ngg_post_thumbnail":0,"footnotes":""},"categories":[76,39],"tags":[320],"class_list":["post-17604","post","type-post","status-publish","format-standard","hentry","category-archives","category-expositions","tag-2025-09-13"],"_links":{"self":[{"href":"https:\/\/photoclubibmca.fr\/WP\/wp-json\/wp\/v2\/posts\/17604","targetHints":{"allow":["GET"]}}],"collection":[{"href":"https:\/\/photoclubibmca.fr\/WP\/wp-json\/wp\/v2\/posts"}],"about":[{"href":"https:\/\/photoclubibmca.fr\/WP\/wp-json\/wp\/v2\/types\/post"}],"author":[{"embeddable":true,"href":"https:\/\/photoclubibmca.fr\/WP\/wp-json\/wp\/v2\/users\/1"}],"replies":[{"embeddable":true,"href":"https:\/\/photoclubibmca.fr\/WP\/wp-json\/wp\/v2\/comments?post=17604"}],"version-history":[{"count":1,"href":"https:\/\/photoclubibmca.fr\/WP\/wp-json\/wp\/v2\/posts\/17604\/revisions"}],"predecessor-version":[{"id":17606,"href":"https:\/\/photoclubibmca.fr\/WP\/wp-json\/wp\/v2\/posts\/17604\/revisions\/17606"}],"wp:attachment":[{"href":"https:\/\/photoclubibmca.fr\/WP\/wp-json\/wp\/v2\/media?parent=17604"}],"wp:term":[{"taxonomy":"category","embeddable":true,"href":"https:\/\/photoclubibmca.fr\/WP\/wp-json\/wp\/v2\/categories?post=17604"},{"taxonomy":"post_tag","embeddable":true,"href":"https:\/\/photoclubibmca.fr\/WP\/wp-json\/wp\/v2\/tags?post=17604"}],"curies":[{"name":"wp","href":"https:\/\/api.w.org\/{rel}","templated":true}]}}