{"id":16376,"date":"2025-01-01T00:00:00","date_gmt":"2024-12-31T23:00:00","guid":{"rendered":"https:\/\/photoclublge.fr\/WP\/?p=16376"},"modified":"2025-04-18T09:40:00","modified_gmt":"2025-04-18T07:40:00","slug":"exposition-annuelle-du-club-street-photography","status":"publish","type":"post","link":"https:\/\/photoclubibmca.fr\/WP\/exposition-annuelle-du-club-street-photography\/","title":{"rendered":"Exposition annuelle du Club : Street Photography &#8211; La Gaude"},"content":{"rendered":"\n<p class=\"has-text-align-center\"><strong>L&rsquo;exposition annuelle du Photoclub IBM C\u00f4te d&rsquo;Azur aura lieu du 9 au 27 janvier 2025<\/strong><\/p>\n\n\n\n<p class=\"has-text-align-center\"><strong>Vernissage pr\u00e9vu le 10 janvier \u00e0 partir de 19h00<br><\/strong>Le sujet de l&rsquo;exposition 2025 : <strong>\u00a0\u00ab\u00a0Street Photography\u00a0\u00bb<\/strong><br>Le lieu : Salle des Arts &#8211; en face de la Mairie de La Gaude.<br>Horaires d&rsquo;ouverture : 9:00-12:00. 14:00-17:00. Si la salle \u00e9tait ferm\u00e9e malgr\u00e9 tout, appeler le num\u00e9ro pr\u00e9sent sur le flyer \/ Affiche.<\/p>\n\n\n\n<p class=\"has-text-align-center\"><\/p>\n\n\n<div class=\"wp-block-image\">\n<figure class=\"aligncenter size-large\"><a href=\"https:\/\/photoclublge.fr\/WP\/wp-content\/uploads\/2025\/01\/2025-01-Photoclub-IBM-Flyer-la-coupole-Street-Photography-UR13.jpg\" target=\"_blank\" rel=\" noreferrer noopener\"><img loading=\"lazy\" decoding=\"async\" width=\"1024\" height=\"717\" src=\"https:\/\/photoclublge.fr\/WP\/wp-content\/uploads\/2025\/01\/2025-01-Photoclub-IBM-Flyer-la-coupole-Street-Photography-UR13-1024x717.jpg\" alt=\"\" class=\"wp-image-16545\" srcset=\"https:\/\/photoclubibmca.fr\/WP\/wp-content\/uploads\/2025\/01\/2025-01-Photoclub-IBM-Flyer-la-coupole-Street-Photography-UR13-1024x717.jpg 1024w, https:\/\/photoclubibmca.fr\/WP\/wp-content\/uploads\/2025\/01\/2025-01-Photoclub-IBM-Flyer-la-coupole-Street-Photography-UR13-300x210.jpg 300w, https:\/\/photoclubibmca.fr\/WP\/wp-content\/uploads\/2025\/01\/2025-01-Photoclub-IBM-Flyer-la-coupole-Street-Photography-UR13-768x538.jpg 768w, https:\/\/photoclubibmca.fr\/WP\/wp-content\/uploads\/2025\/01\/2025-01-Photoclub-IBM-Flyer-la-coupole-Street-Photography-UR13-1536x1075.jpg 1536w, https:\/\/photoclubibmca.fr\/WP\/wp-content\/uploads\/2025\/01\/2025-01-Photoclub-IBM-Flyer-la-coupole-Street-Photography-UR13-624x437.jpg 624w, https:\/\/photoclubibmca.fr\/WP\/wp-content\/uploads\/2025\/01\/2025-01-Photoclub-IBM-Flyer-la-coupole-Street-Photography-UR13.jpg 1700w\" sizes=\"auto, (max-width: 1024px) 100vw, 1024px\" \/><\/a><\/figure>\n<\/div>","protected":false},"excerpt":{"rendered":"<p>L&rsquo;exposition annuelle du Photoclub IBM C\u00f4te d&rsquo;Azur aura lieu du 9 au 27 janvier 2025 Vernissage pr\u00e9vu le 10 janvier \u00e0 partir de 19h00Le sujet de l&rsquo;exposition 2025 : \u00a0\u00ab\u00a0Street&#8230; <a href=\"https:\/\/photoclubibmca.fr\/WP\/exposition-annuelle-du-club-street-photography\/\">Read more &raquo;<\/a><\/p>\n","protected":false},"author":1,"featured_media":0,"comment_status":"closed","ping_status":"open","sticky":false,"template":"","format":"standard","meta":{"ngg_post_thumbnail":0,"footnotes":""},"categories":[76,39],"tags":[],"class_list":["post-16376","post","type-post","status-publish","format-standard","hentry","category-archives","category-expositions"],"_links":{"self":[{"href":"https:\/\/photoclubibmca.fr\/WP\/wp-json\/wp\/v2\/posts\/16376","targetHints":{"allow":["GET"]}}],"collection":[{"href":"https:\/\/photoclubibmca.fr\/WP\/wp-json\/wp\/v2\/posts"}],"about":[{"href":"https:\/\/photoclubibmca.fr\/WP\/wp-json\/wp\/v2\/types\/post"}],"author":[{"embeddable":true,"href":"https:\/\/photoclubibmca.fr\/WP\/wp-json\/wp\/v2\/users\/1"}],"replies":[{"embeddable":true,"href":"https:\/\/photoclubibmca.fr\/WP\/wp-json\/wp\/v2\/comments?post=16376"}],"version-history":[{"count":3,"href":"https:\/\/photoclubibmca.fr\/WP\/wp-json\/wp\/v2\/posts\/16376\/revisions"}],"predecessor-version":[{"id":16558,"href":"https:\/\/photoclubibmca.fr\/WP\/wp-json\/wp\/v2\/posts\/16376\/revisions\/16558"}],"wp:attachment":[{"href":"https:\/\/photoclubibmca.fr\/WP\/wp-json\/wp\/v2\/media?parent=16376"}],"wp:term":[{"taxonomy":"category","embeddable":true,"href":"https:\/\/photoclubibmca.fr\/WP\/wp-json\/wp\/v2\/categories?post=16376"},{"taxonomy":"post_tag","embeddable":true,"href":"https:\/\/photoclubibmca.fr\/WP\/wp-json\/wp\/v2\/tags?post=16376"}],"curies":[{"name":"wp","href":"https:\/\/api.w.org\/{rel}","templated":true}]}}