{"id":15618,"date":"2023-12-27T09:44:01","date_gmt":"2023-12-27T08:44:01","guid":{"rendered":"https:\/\/photoclublge.fr\/WP\/?p=15618"},"modified":"2025-04-22T17:21:14","modified_gmt":"2025-04-22T15:21:14","slug":"openeye-numero-special-fetes-2023","status":"publish","type":"post","link":"https:\/\/photoclubibmca.fr\/WP\/openeye-numero-special-fetes-2023\/","title":{"rendered":"OpenEye &#8211; Num\u00e9ro sp\u00e9cial F\u00eates 2023"},"content":{"rendered":"\n<p class=\"has-text-align-center\">Num\u00e9ro Hors s\u00e9rie \u00e0 d\u00e9couvrir sur <a href=\"https:\/\/www.calameo.com\/read\/005143405b25df9b691d7\" target=\"_blank\" rel=\"noreferrer noopener\">Calameo<\/a> ou sur la <a href=\"https:\/\/openeyelemagazine.fr\/\" target=\"_blank\" rel=\"noreferrer noopener\">page d&rsquo;accueil du magazine<\/a> <\/p>\n\n\n<div class=\"wp-block-image is-style-rounded\">\n<figure class=\"aligncenter size-full is-resized\"><a href=\"https:\/\/www.calameo.com\/read\/005143405b25df9b691d7\" target=\"_blank\" rel=\"noreferrer noopener\"><img loading=\"lazy\" decoding=\"async\" width=\"800\" height=\"797\" src=\"https:\/\/photoclublge.fr\/WP\/wp-content\/uploads\/2023\/12\/Magazine-NOEL2023-La-couverture-800x797-1.jpg\" alt=\"\" class=\"wp-image-15619\" style=\"width:755px;height:auto\" title=\"Cliquer pour acc\u00e9der au dernier num\u00e9ro\" srcset=\"https:\/\/photoclubibmca.fr\/WP\/wp-content\/uploads\/2023\/12\/Magazine-NOEL2023-La-couverture-800x797-1.jpg 800w, https:\/\/photoclubibmca.fr\/WP\/wp-content\/uploads\/2023\/12\/Magazine-NOEL2023-La-couverture-800x797-1-300x300.jpg 300w, https:\/\/photoclubibmca.fr\/WP\/wp-content\/uploads\/2023\/12\/Magazine-NOEL2023-La-couverture-800x797-1-150x150.jpg 150w, https:\/\/photoclubibmca.fr\/WP\/wp-content\/uploads\/2023\/12\/Magazine-NOEL2023-La-couverture-800x797-1-768x765.jpg 768w, https:\/\/photoclubibmca.fr\/WP\/wp-content\/uploads\/2023\/12\/Magazine-NOEL2023-La-couverture-800x797-1-624x622.jpg 624w, https:\/\/photoclubibmca.fr\/WP\/wp-content\/uploads\/2023\/12\/Magazine-NOEL2023-La-couverture-800x797-1-176x176.jpg 176w, https:\/\/photoclubibmca.fr\/WP\/wp-content\/uploads\/2023\/12\/Magazine-NOEL2023-La-couverture-800x797-1-60x60.jpg 60w\" sizes=\"auto, (max-width: 800px) 100vw, 800px\" \/><\/a><\/figure>\n<\/div>\n\n\n<p class=\"has-text-align-center\">Retrouvez tous les num\u00e9ros d\u00e9j\u00e0 parus\u00a0<a href=\"https:\/\/openeyelemagazine.fr\/le-magazine\/\" target=\"_blank\" rel=\"noreferrer noopener\"><strong>ici<\/strong><\/a> &#8230;<\/p>\n","protected":false},"excerpt":{"rendered":"<p>Num\u00e9ro Hors s\u00e9rie \u00e0 d\u00e9couvrir sur Calameo ou sur la page d&rsquo;accueil du magazine Retrouvez tous les num\u00e9ros d\u00e9j\u00e0 parus\u00a0ici &#8230;<\/p>\n","protected":false},"author":79,"featured_media":0,"comment_status":"closed","ping_status":"open","sticky":false,"template":"","format":"standard","meta":{"ngg_post_thumbnail":0,"footnotes":""},"categories":[76,34],"tags":[],"class_list":["post-15618","post","type-post","status-publish","format-standard","hentry","category-archives","category-revues"],"_links":{"self":[{"href":"https:\/\/photoclubibmca.fr\/WP\/wp-json\/wp\/v2\/posts\/15618","targetHints":{"allow":["GET"]}}],"collection":[{"href":"https:\/\/photoclubibmca.fr\/WP\/wp-json\/wp\/v2\/posts"}],"about":[{"href":"https:\/\/photoclubibmca.fr\/WP\/wp-json\/wp\/v2\/types\/post"}],"author":[{"embeddable":true,"href":"https:\/\/photoclubibmca.fr\/WP\/wp-json\/wp\/v2\/users\/79"}],"replies":[{"embeddable":true,"href":"https:\/\/photoclubibmca.fr\/WP\/wp-json\/wp\/v2\/comments?post=15618"}],"version-history":[{"count":1,"href":"https:\/\/photoclubibmca.fr\/WP\/wp-json\/wp\/v2\/posts\/15618\/revisions"}],"predecessor-version":[{"id":17152,"href":"https:\/\/photoclubibmca.fr\/WP\/wp-json\/wp\/v2\/posts\/15618\/revisions\/17152"}],"wp:attachment":[{"href":"https:\/\/photoclubibmca.fr\/WP\/wp-json\/wp\/v2\/media?parent=15618"}],"wp:term":[{"taxonomy":"category","embeddable":true,"href":"https:\/\/photoclubibmca.fr\/WP\/wp-json\/wp\/v2\/categories?post=15618"},{"taxonomy":"post_tag","embeddable":true,"href":"https:\/\/photoclubibmca.fr\/WP\/wp-json\/wp\/v2\/tags?post=15618"}],"curies":[{"name":"wp","href":"https:\/\/api.w.org\/{rel}","templated":true}]}}