{"id":15400,"date":"2026-03-14T00:00:00","date_gmt":"2026-03-13T23:00:00","guid":{"rendered":"https:\/\/photoclublge.fr\/WP\/?p=15400"},"modified":"2026-03-14T10:59:23","modified_gmt":"2026-03-14T09:59:23","slug":"openeye-vient-de-paraitre","status":"publish","type":"post","link":"https:\/\/photoclubibmca.fr\/WP\/openeye-vient-de-paraitre\/","title":{"rendered":"OpenEye &#8211; le num\u00e9ro 44 est paru !"},"content":{"rendered":"\n<p class=\"has-text-align-center\">Le num\u00e9ro de mars-avril-mai est \u00e0 d\u00e9couvrir sur la page du <a href=\"https:\/\/openeyelemagazine.fr\/\" target=\"_blank\" rel=\"noreferrer noopener\">magazine OPENEYE<\/a><br>ou en cliquant sur l&rsquo;image de couverture :<\/p>\n\n\n<div class=\"wp-block-image\">\n<figure class=\"aligncenter size-medium\"><a href=\"https:\/\/www.calameo.com\/read\/005143405fbaffffc09ca\" target=\"_blank\" rel=\" noreferrer noopener\"><img loading=\"lazy\" decoding=\"async\" width=\"336\" height=\"480\" src=\"https:\/\/photoclubibmca.fr\/WP\/wp-content\/uploads\/2025\/12\/image-4-336x480.png\" alt=\"\" class=\"wp-image-18010\" title=\"Cliquer pour agrandir\" srcset=\"https:\/\/photoclubibmca.fr\/WP\/wp-content\/uploads\/2025\/12\/image-4-336x480.png 336w, https:\/\/photoclubibmca.fr\/WP\/wp-content\/uploads\/2025\/12\/image-4-718x1024.png 718w, https:\/\/photoclubibmca.fr\/WP\/wp-content\/uploads\/2025\/12\/image-4-768x1096.png 768w, https:\/\/photoclubibmca.fr\/WP\/wp-content\/uploads\/2025\/12\/image-4-624x891.png 624w, https:\/\/photoclubibmca.fr\/WP\/wp-content\/uploads\/2025\/12\/image-4.png 803w\" sizes=\"auto, (max-width: 336px) 100vw, 336px\" \/><\/a><\/figure>\n<\/div>\n\n\n<p class=\"has-text-align-center\">Si vous aimez, soutenez ce webzine et <strong>abonnez-vous<\/strong> &#8211; c&rsquo;est gratuit &#8211; en laissant votre adresse mail \u00e0 l&rsquo;adresse de contact&nbsp;<strong><a href=\"mailto:contact@openeye.fr\">contact@openeye.fr<\/a><\/strong><\/p>\n\n\n\n<p class=\"has-text-align-center\">Retrouvez tous les num\u00e9ros d\u00e9j\u00e0 parus&nbsp;<a href=\"https:\/\/openeyelemagazine.fr\/le-magazine\/\" target=\"_blank\" rel=\"noreferrer noopener\"><strong>ici<\/strong><\/a> sur le site d&rsquo;OPEN<em>EYE<\/em>&#8230; ou dans l&rsquo;<a href=\"https:\/\/photoclubibmca.fr\/WP\/openeye-webzine\/\" target=\"_blank\" rel=\"noreferrer noopener\">article consacr\u00e9 au magazine<\/a>.<\/p>\n","protected":false},"excerpt":{"rendered":"<p>Le num\u00e9ro de mars-avril-mai est \u00e0 d\u00e9couvrir sur la page du magazine OPENEYEou en cliquant sur l&rsquo;image de couverture : Si vous aimez, soutenez ce webzine et abonnez-vous &#8211; c&rsquo;est&#8230; <a href=\"https:\/\/photoclubibmca.fr\/WP\/openeye-vient-de-paraitre\/\">Read more &raquo;<\/a><\/p>\n","protected":false},"author":79,"featured_media":0,"comment_status":"closed","ping_status":"open","sticky":false,"template":"","format":"standard","meta":{"ngg_post_thumbnail":0,"footnotes":""},"categories":[9,34],"tags":[],"class_list":["post-15400","post","type-post","status-publish","format-standard","hentry","category-actualite","category-revues"],"_links":{"self":[{"href":"https:\/\/photoclubibmca.fr\/WP\/wp-json\/wp\/v2\/posts\/15400","targetHints":{"allow":["GET"]}}],"collection":[{"href":"https:\/\/photoclubibmca.fr\/WP\/wp-json\/wp\/v2\/posts"}],"about":[{"href":"https:\/\/photoclubibmca.fr\/WP\/wp-json\/wp\/v2\/types\/post"}],"author":[{"embeddable":true,"href":"https:\/\/photoclubibmca.fr\/WP\/wp-json\/wp\/v2\/users\/79"}],"replies":[{"embeddable":true,"href":"https:\/\/photoclubibmca.fr\/WP\/wp-json\/wp\/v2\/comments?post=15400"}],"version-history":[{"count":4,"href":"https:\/\/photoclubibmca.fr\/WP\/wp-json\/wp\/v2\/posts\/15400\/revisions"}],"predecessor-version":[{"id":18011,"href":"https:\/\/photoclubibmca.fr\/WP\/wp-json\/wp\/v2\/posts\/15400\/revisions\/18011"}],"wp:attachment":[{"href":"https:\/\/photoclubibmca.fr\/WP\/wp-json\/wp\/v2\/media?parent=15400"}],"wp:term":[{"taxonomy":"category","embeddable":true,"href":"https:\/\/photoclubibmca.fr\/WP\/wp-json\/wp\/v2\/categories?post=15400"},{"taxonomy":"post_tag","embeddable":true,"href":"https:\/\/photoclubibmca.fr\/WP\/wp-json\/wp\/v2\/tags?post=15400"}],"curies":[{"name":"wp","href":"https:\/\/api.w.org\/{rel}","templated":true}]}}